[{"@context":"https:\/\/schema.org\/","@type":"Article","@id":"https:\/\/www.biggboss16.nl\/exposicao-retro-na-casa-dancante-de-praga\/#Article","mainEntityOfPage":"https:\/\/www.biggboss16.nl\/exposicao-retro-na-casa-dancante-de-praga\/","headline":"Exposi\u00e7\u00e3o retro na Casa Dan\u00e7ante de Praga","name":"Exposi\u00e7\u00e3o retro na Casa Dan\u00e7ante de Praga","description":"No in\u00edcio de 2019, foi inaugurada uma exposi\u00e7\u00e3o centrada nos estilos retro dos anos 70 e 80 na galeria de exposi\u00e7\u00f5es da Casa Dan\u00e7ante, na margem do Vltava, em Praga. [&hellip;]","datePublished":"2023-03-15","dateModified":"2023-03-15","author":{"@type":"Person","@id":"https:\/\/www.biggboss16.nl\/author\/#Person","name":"","url":"https:\/\/www.biggboss16.nl\/author\/","identifier":1,"image":{"@type":"ImageObject","@id":"https:\/\/secure.gravatar.com\/avatar\/8ee00db67df6a380981db2e33f97d2fa79637c4880a83f2a0ac4c29b5bb179e1?s=96&d=mm&r=g","url":"https:\/\/secure.gravatar.com\/avatar\/8ee00db67df6a380981db2e33f97d2fa79637c4880a83f2a0ac4c29b5bb179e1?s=96&d=mm&r=g","height":96,"width":96}},"publisher":{"@type":"Organization","name":"biggboss16.nl","logo":{"@type":"ImageObject","@id":"\/logo.png","url":"\/logo.png","width":600,"height":60}},"image":{"@type":"ImageObject","@id":"https:\/\/www.biggboss16.nl\/wp-content\/uploads\/img_a341181_w1938_t1553946135.jpg","url":"https:\/\/www.biggboss16.nl\/wp-content\/uploads\/img_a341181_w1938_t1553946135.jpg","height":0,"width":0},"url":"https:\/\/www.biggboss16.nl\/exposicao-retro-na-casa-dancante-de-praga\/","wordCount":373,"articleBody":" No in\u00edcio de 2019, foi inaugurada uma exposi\u00e7\u00e3o centrada nos estilos retro dos anos 70 e 80 na galeria de exposi\u00e7\u00f5es da Casa Dan\u00e7ante, na margem do Vltava, em Praga. Os organizadores estavam convencidos de que o p\u00fablico se interessaria pela exposi\u00e7\u00e3o devido ao seu momento oportuno. Em primeiro lugar, era depois das f\u00e9rias de Natal, altura em que poucas pessoas se apressavam a ir de f\u00e9rias e procuravam ficar nos sub\u00farbios e, ao mesmo tempo, a atmosfera de uma sociedade parcialmente saturada de consumismo estava a regressar, pelo menos atrav\u00e9s de mem\u00f3rias nost\u00e1lgicas, a um estilo de vida diferente. [No in\u00edcio dos anos 90, teria sido impens\u00e1vel organizar algo deste g\u00e9nero. As pessoas n\u00e3o estariam interessadas em recordar uma \u00e9poca em que viviam de fresco, especialmente durante a transi\u00e7\u00e3o para um sistema social diferente. Mas devemos refletir sobre a raz\u00e3o pela qual comemoramos os retros. Afinal de contas, as sess\u00f5es de reminisc\u00eancia s\u00f3 se realizam para fen\u00f3menos agrad\u00e1veis, e ningu\u00e9m quer reviver um trauma, muito menos apresent\u00e1-lo sob a forma de uma exposi\u00e7\u00e3o. A Casa Dan\u00e7ante estar\u00e1 aberta aos visitantes at\u00e9 ao final de mar\u00e7o deste ano. Os visitantes podem entrar no bloco de entrada com paredes de vidro junto \u00e0 ponte Zirasek e ver parte da cole\u00e7\u00e3o privada e algumas das exposi\u00e7\u00f5es do Museu Lichnov. Algumas das pe\u00e7as expostas nunca foram mostradas ao p\u00fablico e os visitantes ter\u00e3o a oportunidade de ver com os seus pr\u00f3prios olhos marcas famosas como Fatra Napajedra, Tesla Stropkov, Tesla Pardubice, Motret Zinonice, Poldi Kladno, motas JAWA, electrodom\u00e9sticos ETA e bebidas Kofola originais. Esta \u00e9 uma oportunidade \u00fanica para ver com os seus pr\u00f3prios olhos.  O departamento de t\u00eaxteis-lar e vestu\u00e1rio apresenta produtos de f\u00e1brica de vestu\u00e1rio comum, bem como vestu\u00e1rio feito \u00e0 medida. Os interessados em recuar quase 40 anos no tempo atrav\u00e9s do pensamento e das exposi\u00e7\u00f5es podem adquirir bilhetes no dia ou atrav\u00e9s de uma pr\u00e9-venda online e entrar no espa\u00e7o do r\u00e9s do ch\u00e3o entre as 9h00 e as 20h00, diariamente.                                                                                                                                                                                                                                                                                                                                                                                           3\/5 - (1 vote)        "},{"@context":"https:\/\/schema.org\/","@type":"BreadcrumbList","itemListElement":[{"@type":"ListItem","position":1,"name":"Exposi\u00e7\u00e3o retro na Casa Dan\u00e7ante de Praga","item":"https:\/\/www.biggboss16.nl\/exposicao-retro-na-casa-dancante-de-praga\/#breadcrumbitem"}]}]